{"id":1992,"date":"2013-01-09T15:58:44","date_gmt":"2013-01-09T15:58:44","guid":{"rendered":"http:\/\/pinpao.co\/blog\/?p=1992"},"modified":"2013-01-17T15:06:28","modified_gmt":"2013-01-17T15:06:28","slug":"demencia-causas-intolerancia-signos","status":"publish","type":"post","link":"https:\/\/pinpao.co\/blog\/demencia-causas-intolerancia-signos\/","title":{"rendered":"Demencia Causas Intolerancia Signos de Aviso"},"content":{"rendered":"<p><script type=\"text\/javascript\" src=\"http:\/\/forms.aweber.com\/form\/71\/1630641571.js\"><\/script><\/p>\n<p style=\"display: inline !important;\"><img loading=\"lazy\" decoding=\"async\" class=\"alignleft\" title=\"DEMENCIA\" alt=\"demencia\" src=\"https:\/\/pinpao.co\/blog\/images\/demencia.jpg\" width=\"401\" height=\"266\" \/><\/p>\n<p>\u00a0Cuando una persona olvida las cosas con frecuencia, durante la senectud se dice que tiene <strong>demencia senil<\/strong> por lo general no amerita estudios y a veces se considera como parte normal de envejecer.<\/p>\n<p>Cabe clarificar que el <strong>deterioro de la memoria<\/strong> y funciones cerebrales que permiten relaci\u00f3n con el entorno no siempre es algo normal de la vejez. Adem\u00e1s las alteraciones de la memoria no son exclusivas de las personas de la tercera edad.<!--more--><\/p>\n<p>Una caracter\u00edstica de la <strong>demencia<\/strong> es la destrucci\u00f3n progresiva y a veces irreversible de las c\u00e9lulas del cerebro, que conlleva a la perdida de la memoria y otras facultades mentales sin afectar la conciencia pero que compromete el entorno familiar y laboral.<\/p>\n<p>Con frecuencia es el <strong>Alzheimer<\/strong> aunque no la \u00fanica causa. De ah\u00ed la importancia de analizar en los primeros indicios los problemas de la memoria ya que algunos casos pueden ser reversibles.<\/p>\n<h2>Causas de la demencia<\/h2>\n<h2 style=\"padding-left: 30px;\">Demencia Degenerativa primaria<a href=\"https:\/\/pinpao.co\/blog\/productos\/sistemas\/\"><img loading=\"lazy\" decoding=\"async\" class=\"alignright\" title=\"optimus\" alt=\"demencia\" src=\"https:\/\/pinpao.co\/blog\/images\/optimus.jpg\" width=\"124\" height=\"112\" \/><\/a><\/h2>\n<ul style=\"padding-left: 30px;\">\n<li>Enfermedad de <a title=\"parkinson\" href=\"http:\/\/es.wikipedia.org\/wiki\/Enfermedad_de_Parkinson\" target=\"_blank\">Parkinson.<\/a><\/li>\n<li>Enfermedad de Huntington.<\/li>\n<li>Enfermedad de Alzheimer (La m\u00e1s frecuente).<\/li>\n<li>Demencia Frontotemporal.<\/li>\n<li>Par\u00e1lisis supranuclear progresiva.<\/li>\n<li>Demencia por cuerpos de Lewy.<\/li>\n<\/ul>\n<h2 style=\"padding-left: 30px;\">Demencia Vascular<\/h2>\n<ul style=\"padding-left: 30px;\">\n<li>Vasculitis.<\/li>\n<li>Multiinfarto.<\/li>\n<\/ul>\n<h2 style=\"padding-left: 30px;\">Demencia secundaria<\/h2>\n<h2 style=\"padding-left: 60px;\">Infecciosas<\/h2>\n<ul style=\"padding-left: 60px;\">\n<li>Sida.<\/li>\n<li>S\u00edfilis.<\/li>\n<li>Creutzfeld-jacob.<\/li>\n<li>Cisticercosis.<\/li>\n<li>Tuberculosis.<\/li>\n<\/ul>\n<h2 style=\"padding-left: 60px;\">Metab\u00f3licas<\/h2>\n<ul style=\"padding-left: 60px;\">\n<li>Enfermedades de dep\u00f3sito.<\/li>\n<li>Hipertiroidismo.<\/li>\n<li>Hipotiroidismo.<\/li>\n<li>Toxicas<\/li>\n<li>Medicamentos.<\/li>\n<li>Alcohol.<\/li>\n<li>Metales.<\/li>\n<\/ul>\n<h2 style=\"padding-left: 60px;\">Carenciales<\/h2>\n<ul style=\"padding-left: 60px;\">\n<li>D\u00e9ficit de vitamina B12.<\/li>\n<li>D\u00e9ficit de \u00e1cido f\u00f3lico.<\/li>\n<\/ul>\n<ul style=\"padding-left: 0px;\">\n<li>Tumores<\/li>\n<li>Hidrocefalia de presi\u00f3n normal.<\/li>\n<li>Pseudodemencia depresiva.<\/li>\n<li>Traumas.<\/li>\n<\/ul>\n<h2>Signos de Aviso de la Demencia<a href=\"https:\/\/pinpao.co\/blog\/productos\/sistemas\/\"><img loading=\"lazy\" decoding=\"async\" class=\"alignright\" title=\"starbien\" alt=\"demencia\" src=\"https:\/\/pinpao.co\/blog\/images\/starbien.jpg\" width=\"119\" height=\"107\" \/><\/a><\/h2>\n<ul>\n<li>Disminuci\u00f3n de la memoria reciente que afecte el desempe\u00f1o en el trabajo.<\/li>\n<li>Dificultades en el desempe\u00f1o de tareas familiares.<\/li>\n<li>Problemas de lenguaje.<\/li>\n<li>Desorientaci\u00f3n en lugar y tiempo.<\/li>\n<li>Poca o disminuida capacidad de juicio.<\/li>\n<li>Problemas con el pensamiento abstracto.<\/li>\n<li>Extrav\u00edo de objetos.<\/li>\n<li>Cambio del \u00e1nimo o el comportamiento.<\/li>\n<li>Cambios de personalidad.<\/li>\n<li>Disminuci\u00f3n de iniciativa.<\/li>\n<\/ul>\n<h2>Intolerancia de las demencias<\/h2>\n<h2 style=\"padding-left: 30px;\">Demencia leve<\/h2>\n<p style=\"padding-left: 30px;\">Manifestaciones de demencia leve<\/p>\n<ul style=\"padding-left: 30px;\">\n<li>La persona se desorienta en un lugar que conoce.<\/li>\n<li>Disminuye su capacidad efectiva en el cargo laboral.<\/li>\n<li>Olvida palabras al hablar.<\/li>\n<li>Puede leer pero retiene poca informaci\u00f3n.<\/li>\n<li>Se le dificulta recordar nombres.<\/li>\n<\/ul>\n<h2 style=\"padding-left: 30px;\">Demencia moderada<\/h2>\n<ul style=\"padding-left: 30px;\">\n<li>Clara deficiencia en la intervenci\u00f3n cl\u00ednica.<\/li>\n<li>Entre otras como olvido de eventos recientes o datos relacionados con su historia personal<\/li>\n<li>Dificultades en c\u00e1lculo como manejo de dinero o cheques.<\/li>\n<li>Altera al recordar fechas.<\/li>\n<li>Disminuye actividades complejas ejemplo cocinar.<\/li>\n<li>El frecuente asocio de negaci\u00f3n y la falta de iniciativa.<\/li>\n<li>No sobrevive sin asistencia y no recuerda su vida actual, como direcci\u00f3n, tel\u00e9fono, edad, los miembros de su familia.<\/li>\n<li>No presenta dificultad para comer pero si para vestirse.<\/li>\n<\/ul>\n<h2 style=\"padding-left: 30px;\">Demencia severa<a href=\"https:\/\/pinpao.co\/blog\/productos\/sistemas\/\"><img loading=\"lazy\" decoding=\"async\" class=\"alignright\" title=\"optimus\" alt=\"demencia\" src=\"https:\/\/pinpao.co\/blog\/images\/omniplus%20omnilife.jpg\" width=\"115\" height=\"102\" \/><\/a><\/h2>\n<ul style=\"padding-left: 30px;\">\n<li>Depende del cuidador y no sabe su nombre y su relaci\u00f3n.<\/li>\n<li>Recuerda muy poco de su vida pasada.<\/li>\n<li>Es asistido para las actividades diarias.<\/li>\n<li>Presenta incontinencia inicialmente urinaria y requiere ayuda de cuidador.<\/li>\n<li>Presenta cambios de comportamiento, deambula, agresivo, apat\u00eda, ideas falsas entre otras.<\/li>\n<li>Cuando es muy avanzado hay p\u00e9rdida de la comunicaci\u00f3n por ejemplo gru\u00f1idos o no habla.<\/li>\n<li>Hay p\u00e9rdida de las actividades motoras.<\/li>\n<li>Presenta incontinencia \u00a0urinaria y fecal.<\/li>\n<\/ul>\n<h3>Conclusi\u00f3n<\/h3>\n<p>El envejecimiento de la poblaci\u00f3n es global, la poblaci\u00f3n de mayor crecimiento es de los mayores de 85 a\u00f1os, las estimaciones de <strong>OMS<\/strong> para el a\u00f1o 2020 habr\u00e1 cerca de 1.000.000.000 de ancianos de los cuales el 20 % estar\u00e1 en Am\u00e9rica latina y \u00c1frica.<\/p>\n<p>Est\u00e1 claramente establecido que las mujeres viven m\u00e1s una diferencia de 5 a\u00f1os se desconocen las causas.<\/p>\n<p>Hay diferentes l\u00edneas de investigaci\u00f3n tratando de encontrar la cura para la <strong>demencia<\/strong>, pero hasta el momento no hay resultados concretos. Hay excepci\u00f3n cuando es por deficiencia de <a title=\"suplementos alimenticios\" href=\"https:\/\/pinpao.co\/blog\/productos\/sistemas\/\" target=\"_blank\">suplementos alimenticios<\/a> que cuando son diagnosticadas a tiempo pueden ser totalmente reversibles.<\/p>\n<h3>Para cerrar&#8230;&#8230;<\/h3>\n<p>Si usted quiere aprender paso a paso por medio de video tutoriales<\/p>\n<p>\u201cc\u00f3mo crear <strong>su propio negocio y generar dinero extra<\/strong>\u201d le recomiendo<\/p>\n<p>que visite ahora mismo mi sitio web <a title=\"negocio y salud\" href=\"http:\/\/pinpao.co\" target=\"_blank\">http:\/\/pinpao.co<\/a><\/p>\n<p>Gracias por su atenci\u00f3n, nos encontramos en un pr\u00f3ximo art\u00edculo.<\/p>\n<p>&nbsp;<\/p>\n<h4>Pedro Pinz\u00f3n<\/h4>\n<p><a title=\"negocio y salud\" href=\"http:\/\/pinpao.co\" target=\"_blank\">Director de Pinpao.co<\/a><\/p>\n<p>&nbsp;<\/p>\n<p><a href=\"http:\/\/pinpao.co\"><img loading=\"lazy\" decoding=\"async\" class=\"alignnone\" alt=\"\" src=\"https:\/\/pinpao.co\/blog\/images\/comparte-entrada.jpg\" width=\"380\" height=\"45\" \/><\/a><\/p>\n","protected":false},"excerpt":{"rendered":"<p>\u00a0Cuando una persona olvida las cosas con frecuencia, durante la senectud se dice que tiene demencia senil por lo general no amerita estudios y a veces se considera como parte normal de envejecer. Cabe clarificar que el deterioro de la memoria y funciones cerebrales que permiten relaci\u00f3n con el entorno no siempre es algo normal [&hellip;]<\/p>\n","protected":false},"author":1,"featured_media":0,"comment_status":"open","ping_status":"open","sticky":false,"template":"","format":"standard","meta":{"footnotes":""},"categories":[12],"tags":[],"class_list":["post-1992","post","type-post","status-publish","format-standard","hentry","category-enfermedades"],"_links":{"self":[{"href":"https:\/\/pinpao.co\/blog\/wp-json\/wp\/v2\/posts\/1992","targetHints":{"allow":["GET"]}}],"collection":[{"href":"https:\/\/pinpao.co\/blog\/wp-json\/wp\/v2\/posts"}],"about":[{"href":"https:\/\/pinpao.co\/blog\/wp-json\/wp\/v2\/types\/post"}],"author":[{"embeddable":true,"href":"https:\/\/pinpao.co\/blog\/wp-json\/wp\/v2\/users\/1"}],"replies":[{"embeddable":true,"href":"https:\/\/pinpao.co\/blog\/wp-json\/wp\/v2\/comments?post=1992"}],"version-history":[{"count":30,"href":"https:\/\/pinpao.co\/blog\/wp-json\/wp\/v2\/posts\/1992\/revisions"}],"predecessor-version":[{"id":2084,"href":"https:\/\/pinpao.co\/blog\/wp-json\/wp\/v2\/posts\/1992\/revisions\/2084"}],"wp:attachment":[{"href":"https:\/\/pinpao.co\/blog\/wp-json\/wp\/v2\/media?parent=1992"}],"wp:term":[{"taxonomy":"category","embeddable":true,"href":"https:\/\/pinpao.co\/blog\/wp-json\/wp\/v2\/categories?post=1992"},{"taxonomy":"post_tag","embeddable":true,"href":"https:\/\/pinpao.co\/blog\/wp-json\/wp\/v2\/tags?post=1992"}],"curies":[{"name":"wp","href":"https:\/\/api.w.org\/{rel}","templated":true}]}}