{"id":2334,"date":"2013-03-21T01:44:01","date_gmt":"2013-03-21T01:44:01","guid":{"rendered":"http:\/\/pinpao.co\/blog\/?p=2334"},"modified":"2013-04-01T20:23:30","modified_gmt":"2013-04-01T20:23:30","slug":"la-depresion-medicamentos-vs-terapias","status":"publish","type":"post","link":"https:\/\/pinpao.co\/blog\/la-depresion-medicamentos-vs-terapias\/","title":{"rendered":"La depresion f\u00e1rmacos antidepresivos vs terapia psicol\u00f3gica"},"content":{"rendered":"<p><script type=\"text\/javascript\" src=\"http:\/\/forms.aweber.com\/form\/71\/1630641571.js\"><\/script><br \/>\n<a href=\"http:\/\/pinpao.co\"><img loading=\"lazy\" decoding=\"async\" class=\"alignleft\" title=\"la depresion\" alt=\"la depresion\" src=\"https:\/\/pinpao.co\/blog\/images\/la-depresion.jpg\" width=\"320\" height=\"298\" \/><\/a><strong><span style=\"font-size: 13px;\">\u00a0S<\/span><\/strong><span style=\"font-size: 13px;\">e caracteriza la\u00a0depresion\u00a0por sentir tristeza profunda, falta o p\u00e9rdida de \u00e1nimo, algunas autoridades han estimado que al menos un 12 % de la poblaci\u00f3n <\/span>adulta<span style=\"font-size: 13px;\"> presentar\u00e1 un episodio de <strong>depresion<\/strong>, que necesitar\u00e1 tratamiento cl\u00ednico. (Kats y Schuyler (1973)).<\/span><\/p>\n<p>A pesar del alentador panorama cl\u00ednico, se enfrenta a una situaci\u00f3n compleja.<\/p>\n<p>Si bien es cierto que se han dado avances por medio de productos qu\u00edmicos para<strong> la depresion<\/strong>, no existe evidencia que la frecuencia de la depresion haya disminuido.<!--more--><\/p>\n<p>Un informe del Instituto Nacional de Salud Mental <strong>The Deppresive Disorders<\/strong>, manifiesta que la causa del 75% de las hospitalizaciones psiqui\u00e1tricas, en un a\u00f1o es <strong>la depresion<\/strong> y un 15% personas de 18 a 74 a\u00f1os puede sufrir <strong>s\u00edntomas depresivos<\/strong> de cierta consideraci\u00f3n. (Kats, Friedman y Schuyler (1973)).<\/p>\n<p>Es evidente la necesidad de crear un tipo de <strong>terapia psicol\u00f3gica<\/strong> eficaz para tratar la depresion determinando indicaciones y contraindicaciones.<\/p>\n<p><a href=\"https:\/\/pinpao.co\/blog\/productos\/sistemas\/\"><img loading=\"lazy\" decoding=\"async\" class=\"alignright\" title=\"omniplus\" alt=\"omniplus\" src=\"https:\/\/pinpao.co\/blog\/images\/omniplus%20omnilife.jpg\" width=\"115\" height=\"102\" \/><\/a><\/p>\n<p>Parece que<strong> la terapia psicol\u00f3gica<\/strong> se practica en diferentes maneras de tratamiento en todos los personas, es crucial definir formas espec\u00edficas y definir su efectividad. De modo que el consumidor pueda saber si un servicio tan costoso, logra alg\u00fan resultado satisfactorio.<\/p>\n<p>Aunque es cierto que los <strong>f\u00e1rmacos antidepresivos<\/strong> son m\u00e1s baratos que <strong>la terapia psicol\u00f3gica<\/strong>, existen personas que no responden a los medicamentos.<\/p>\n<p>Parece ser que la dependencia excesiva de <strong>medicamentos<\/strong>, pudiese incidir indirectamente en la utilizaci\u00f3n de sus propios m\u00e9todos psicol\u00f3gicos del enfermo.<\/p>\n<p>La <strong>sabidur\u00eda popular<\/strong> sugiere que un buen curso de <strong>terapia psicol\u00f3gica<\/strong> podr\u00eda ser a largo plazo m\u00e1s beneficioso que los medicamentos. Lo mismo que el consumo de vitamina C y B-12 son favorables en estos casos.<\/p>\n<p>La tasa de suicidio no ha disminuido a pesar de la utilizaci\u00f3n de antidepresivos, sugiere que los medicamentos, aunque resuelva la crisis temporalmente, no tiene en efectos a largo plazo para que el enfermo intente nuevamente el suicidio.<\/p>\n<h2>Algunos s\u00edntomas de la depresion<a href=\"https:\/\/pinpao.co\/blog\/productos\/sistemas\/\"><img loading=\"lazy\" decoding=\"async\" class=\"alignright\" title=\"optimus\" alt=\"depresion\" src=\"https:\/\/pinpao.co\/blog\/images\/optimus.jpg\" width=\"124\" height=\"112\" \/><\/a><\/h2>\n<ul>\n<li>Cansancio.<\/li>\n<li>Dolor, como cefalea o lumbalgia.<\/li>\n<li>Trastorno del sue\u00f1o.<\/li>\n<li>Quejas de distintos sistemas org\u00e1nicos y corporales como mareo o debilidad.<\/li>\n<li>Disminuci\u00f3n org\u00e1nica vaga, como estre\u00f1imiento o nauseas.<\/li>\n<li>Diagn\u00f3sticos coexistentes pero relacionados como s\u00edndrome\u00a0 de intestino irritable, fatiga cr\u00f3nica o fibromialgia.<\/li>\n<li>Alteraci\u00f3n de la memoria cognitiva.<\/li>\n<li>Problemas de aprendizaje y atenci\u00f3n.<\/li>\n<li>Rotura de relaciones.<\/li>\n<li>Ansiedad.<\/li>\n<li><span style=\"font-style: italic;\">Alteraciones de comportamiento.<\/span><\/li>\n<li><span style=\"font-style: italic;\">Excesiva culpa.<\/span><\/li>\n<li>Pensamientos suicidas.<\/li>\n<\/ul>\n<p>&nbsp;<\/p>\n<h3>\u00a0Conclusi\u00f3n<\/h3>\n<p>&nbsp;<\/p>\n<p>Existe una extensa relaci\u00f3n entre las enfermedades cr\u00f3nicas (<a title=\"enfermedades cardiovasculares\" href=\"https:\/\/pinpao.co\/blog\/enfermedades-cardiovasculares-nefastas\/\" target=\"_blank\">enfermedad cardiovascular<\/a>, diabetes, infecci\u00f3n por VIH, obesidad, enfermedad vascular cerebral, c\u00e1ncer, dolor cr\u00f3nico) y <strong>la depresion<\/strong>. Tanto los medicamentos antidepresivos como la terapia psicol\u00f3gica, requieren un punto de equilibrio, aunque la medicina est\u00e1 sometida a un cambio constante debido a nuevas investigaciones y las experiencias que va dando la vida.<\/p>\n<h4>Para cerrar&#8230;&#8230;<a href=\"https:\/\/pinpao.co\/blog\/productos\/sistemas\/\"><img loading=\"lazy\" decoding=\"async\" class=\"alignright\" title=\"starbien\" alt=\"la depresi\u00f3n\" src=\"https:\/\/pinpao.co\/blog\/images\/starbien.jpg\" width=\"119\" height=\"107\" \/><\/a><\/h4>\n<h4><\/h4>\n<p>Si usted quiere aprender paso a paso por medio de video tutoriales \u201cc\u00f3mo crear su propio negocio y <strong>generar dinero extra<\/strong>\u201d le recomiendo que visite ahora mismo mi sitio web <a title=\"negocios y salud\" href=\"http:\/\/pinpao.co\" target=\"_blank\">http:\/\/pinpao.co<\/a><\/p>\n<p>Gracias por su atenci\u00f3n, nos encontramos en un pr\u00f3ximo art\u00edculo.<\/p>\n<h4>Pedro Pinz\u00f3n<\/h4>\n<p><a title=\"negocios y salud\" href=\"http:\/\/pinpao.co\" target=\"_blank\">Director de Pinpao.co<\/a><\/p>\n<p><a href=\"http:\/\/pinpao.co\"><img loading=\"lazy\" decoding=\"async\" class=\"alignnone\" alt=\"\" src=\"https:\/\/pinpao.co\/blog\/images\/comparte-entrada.jpg\" width=\"380\" height=\"45\" \/><\/a><\/p>\n<p>&nbsp;<\/p>\n","protected":false},"excerpt":{"rendered":"<p>\u00a0Se caracteriza la\u00a0depresion\u00a0por sentir tristeza profunda, falta o p\u00e9rdida de \u00e1nimo, algunas autoridades han estimado que al menos un 12 % de la poblaci\u00f3n adulta presentar\u00e1 un episodio de depresion, que necesitar\u00e1 tratamiento cl\u00ednico. (Kats y Schuyler (1973)). A pesar del alentador panorama cl\u00ednico, se enfrenta a una situaci\u00f3n compleja. Si bien es cierto que [&hellip;]<\/p>\n","protected":false},"author":1,"featured_media":0,"comment_status":"open","ping_status":"open","sticky":false,"template":"","format":"standard","meta":{"footnotes":""},"categories":[12],"tags":[],"class_list":["post-2334","post","type-post","status-publish","format-standard","hentry","category-enfermedades"],"_links":{"self":[{"href":"https:\/\/pinpao.co\/blog\/wp-json\/wp\/v2\/posts\/2334","targetHints":{"allow":["GET"]}}],"collection":[{"href":"https:\/\/pinpao.co\/blog\/wp-json\/wp\/v2\/posts"}],"about":[{"href":"https:\/\/pinpao.co\/blog\/wp-json\/wp\/v2\/types\/post"}],"author":[{"embeddable":true,"href":"https:\/\/pinpao.co\/blog\/wp-json\/wp\/v2\/users\/1"}],"replies":[{"embeddable":true,"href":"https:\/\/pinpao.co\/blog\/wp-json\/wp\/v2\/comments?post=2334"}],"version-history":[{"count":38,"href":"https:\/\/pinpao.co\/blog\/wp-json\/wp\/v2\/posts\/2334\/revisions"}],"predecessor-version":[{"id":2371,"href":"https:\/\/pinpao.co\/blog\/wp-json\/wp\/v2\/posts\/2334\/revisions\/2371"}],"wp:attachment":[{"href":"https:\/\/pinpao.co\/blog\/wp-json\/wp\/v2\/media?parent=2334"}],"wp:term":[{"taxonomy":"category","embeddable":true,"href":"https:\/\/pinpao.co\/blog\/wp-json\/wp\/v2\/categories?post=2334"},{"taxonomy":"post_tag","embeddable":true,"href":"https:\/\/pinpao.co\/blog\/wp-json\/wp\/v2\/tags?post=2334"}],"curies":[{"name":"wp","href":"https:\/\/api.w.org\/{rel}","templated":true}]}}