{"id":4241,"date":"2014-09-18T17:05:40","date_gmt":"2014-09-18T17:05:40","guid":{"rendered":"http:\/\/pinpao.co\/blog\/?p=4241"},"modified":"2014-09-18T20:07:51","modified_gmt":"2014-09-18T20:07:51","slug":"el-asma-y-los-factores-de-riesgo","status":"publish","type":"post","link":"https:\/\/pinpao.co\/blog\/el-asma-y-los-factores-de-riesgo\/","title":{"rendered":"El asma y los factores de riesgo"},"content":{"rendered":"<p style=\"text-align: justify;\"><a href=\"http:\/\/pinpao.co\" target=\"_blank\"><img loading=\"lazy\" decoding=\"async\" class=\"alignleft\" title=\"el asma\" src=\"https:\/\/pinpao.co\/blog\/images\/2014\/el-asma.jpg\" alt=\"el asma\" width=\"450\" height=\"389\" \/><\/a><strong>El asma<\/strong> se caracteriza por <strong>obstruir<\/strong> las <strong>v\u00edas respiratorias.<\/strong><\/p>\n<p style=\"text-align: justify;\">En personas con asma <strong>las v\u00edas respiratorias se inflaman<\/strong> lo que hace,\u00a0 m\u00e1s sensible que se desencadena la reducci\u00f3n de la luz y la reducci\u00f3n de corriente de aire con lo cual aparece\u00a0\u00a0\u00a0<strong> los\u00a0 silbidos y\u00a0 <span style=\"color: #ff0000;\"><a title=\"dificultad respiratoria\" href=\"http:\/\/www.nlm.nih.gov\/medlineplus\/spanish\/ency\/article\/003075.htm\" target=\"_blank\"><span style=\"color: #ff0000;\">disneas<\/span><\/a><\/span><\/strong><span style=\"color: #ff0000;\">.<\/span>\u00a0 La gran preocupaci\u00f3n son los altos costos en atenci\u00f3n de la salud con personas con el asma.<\/p>\n<p><!--more--><\/p>\n<h2 style=\"text-align: justify;\"><\/h2>\n<h2 style=\"text-align: justify;\">El asma y sus complicaciones<\/h2>\n<p>&nbsp;<\/p>\n<p style=\"text-align: justify;\"><strong><span style=\"text-decoration: underline;\"> El asma<\/span><\/strong> es com\u00fan y se complica con el<strong> consumo de cigarrillo<\/strong>, el asma aparece en cualquier edad.<br \/>\n<strong>El asma es una enfermedad cr\u00f3nica y afecta<\/strong> a cerca de 300 millones de personas en el mundo con una frecuencia aproximada de 10 a 12 % en adultos y 15 % en ni\u00f1os.<\/p>\n<h2 style=\"text-align: justify;\">Algunos factores de riesgo\u00a0 de el asma<\/h2>\n<table>\n<tbody>\n<tr>\n<td><strong>Factores endogenos<\/strong><\/td>\n<td><strong>\u00a0<\/strong><\/td>\n<td><strong>Factores ambientales <\/strong><\/td>\n<td><\/td>\n<td><\/td>\n<\/tr>\n<tr>\n<td><\/td>\n<td><\/td>\n<td><\/td>\n<td><\/td>\n<td><\/td>\n<\/tr>\n<tr>\n<td><strong>predisposici\u00f3n gen\u00e9tica<br \/>\n<\/strong><\/td>\n<td><strong><br \/>\n<\/strong><\/td>\n<td><strong>Al\u00e9rgenos en espacios techados<br \/>\n<\/strong><\/td>\n<td><\/td>\n<td><strong><br \/>\n<\/strong><\/td>\n<\/tr>\n<tr>\n<td><strong>G\u00e9nero<\/strong><\/td>\n<td><strong><br \/>\n<\/strong><\/td>\n<td><strong>Tabaquismo pasivo<br \/>\n<\/strong><\/td>\n<td><\/td>\n<td><strong><br \/>\n<\/strong><\/td>\n<\/tr>\n<tr>\n<td><strong>\u00bf\u00c9tnia?<\/strong><\/td>\n<td><strong><br \/>\n<\/strong><\/td>\n<td><strong>Infecciones de las v\u00edas respiratorias<br \/>\n<\/strong><\/td>\n<td><\/td>\n<td><strong><br \/>\n<\/strong><\/td>\n<\/tr>\n<tr>\n<td><strong>\u00bfObesidad?<\/strong><\/td>\n<\/tr>\n<tr>\n<td><strong>\u00bfInfecciones virales?<\/strong><\/td>\n<\/tr>\n<tr>\n<td><strong>Elementos desencadenantes<\/strong><\/td>\n<\/tr>\n<tr>\n<td><strong>Al\u00e9rgenos<\/strong><\/td>\n<\/tr>\n<tr>\n<td><strong>Infecciones virales en las v\u00edas altas<\/strong><\/td>\n<\/tr>\n<tr>\n<td><strong>Ejercicio e hiperventilaci\u00f3n<\/strong><\/td>\n<\/tr>\n<tr>\n<td><strong>Aire frio<\/strong><\/td>\n<\/tr>\n<tr>\n<td><strong>Di\u00f3xido de azufre y gases irritantes<\/strong><\/td>\n<\/tr>\n<tr>\n<td><strong>Estr\u00e9s<\/strong><\/td>\n<\/tr>\n<tr>\n<td><strong>Aerosoles y humos de pinturas<\/strong><\/td>\n<\/tr>\n<\/tbody>\n<\/table>\n<figure style=\"width: 309px\" class=\"wp-caption alignleft\"><a href=\"https:\/\/pinpao.co\/blog\/productos\/sistemas\/\" target=\"_blank\"><img loading=\"lazy\" decoding=\"async\" title=\"dualcmix\" src=\"https:\/\/pinpao.co\/blog\/images\/2014\/dual_c_mix.jpg\" alt=\"dualcmix\" width=\"309\" height=\"274\" \/><\/a><figcaption class=\"wp-caption-text\">Su ingrediente principal: vitamina C (300 mg\/porci\u00f3n)antioxidante para el buen funcionamiento del organismo, ayuda a la sintesis del colageno y aumenta la resistencia a las infecciones.<\/figcaption><\/figure>\n<p style=\"text-align: justify;\">Es posible que los<strong> factores ambientales<\/strong> en las primeras \u00e9pocas de la <strong>vida<\/strong> determinan en las personas at\u00f3picas se vuelvan<strong> asm\u00e1ticas<\/strong>.<\/p>\n<h3 style=\"text-align: justify;\"><\/h3>\n<p>&nbsp;<\/p>\n<h3 style=\"text-align: justify;\">Conclusi\u00f3n<\/h3>\n<p>&nbsp;<\/p>\n<p>&nbsp;<\/p>\n<figure style=\"width: 223px\" class=\"wp-caption alignright\"><a href=\"https:\/\/pinpao.co\/blog\/productos\/sistemas\/\" target=\"_blank\"><img loading=\"lazy\" decoding=\"async\" title=\"aloe beta\" src=\"https:\/\/pinpao.co\/blog\/images\/2014\/aloebeta_supreme.jpg\" alt=\"aloe beta\" width=\"223\" height=\"258\" \/><\/a><figcaption class=\"wp-caption-text\">Contiene sabila, vitamina C, E, polidestrosa, betacaroteno, calcio, magnesio y potasio endulzado con estevia, entre otros -cero calor\u00edas<\/figcaption><\/figure>\n<p style=\"text-align: justify;\">Algunos de los <strong>factores de riesgo<\/strong> de muerte de personas con el asma son el <strong>tratamiento inadecuado de la enfermedad<\/strong> con el uso de broncodilatadores inhalados. Hay varios estudios que han indicado de<strong> personas<\/strong> con <span style=\"text-decoration: underline;\"><strong>el asma<\/strong><\/span> que en las dietas con pocos <span style=\"color: #ff0000;\"><a title=\"antioxidantes naturales\" href=\"https:\/\/pinpao.co\/blog\/antioxidantes-naturales\/\" target=\"_blank\"><span style=\"color: #ff0000;\"><strong>antioxidantes<\/strong><\/span><\/a><\/span> como<strong> vitamina C y A, magnesio, selenio y grasas poliinsaturadas como el mega 3<\/strong> se acompa\u00f1an de padecer de asma. La <strong>deficiencia<\/strong> de <strong>vitamina D<\/strong> tambi\u00e9n predispone la aparici\u00f3n del <strong>asma<\/strong>.<span style=\"color: #ff0000;\"><a title=\"sobrepeso obesidad como evitarlo\" href=\"https:\/\/pinpao.co\/blog\/sobrepeso-obesidad-como-evitarlo\/\" target=\"_blank\"><span style=\"color: #ff0000;\"><strong> La obesidad<\/strong><\/span><\/a> <\/span>sobre todo en<strong> mujeres<\/strong> es un<strong> factor de riesgo en el asma<\/strong>, se desconoce los mecanismos por los que act\u00faa.<\/p>\n<p style=\"text-align: justify;\">(1)<\/p>\n<h4 style=\"text-align: justify;\">Para cerrar\u2026\u2026<\/h4>\n<p style=\"text-align: justify;\">Si usted quiere prepararse gradualmente por medio de tutoriales o v\u00eddeos \u201c<strong>c\u00f3mo crea su propio negocio y genera sus recursos extras<\/strong>\u201d le sugiero que visite ahora mismo mi sitio web <span style=\"color: #ff0000;\"><strong><a title=\"negocios y salud\" href=\"http:\/\/www.pinpao.co\" target=\"_blank\"><span style=\"color: #ff0000;\">http:\/\/pinpao.co<\/span><\/a><\/strong><\/span> o si desea adquirir los productos<span style=\"color: #ff0000;\"><a title=\"contactame\" href=\"https:\/\/pinpao.co\/blog\/contactame\/\" target=\"_blank\"><span style=\"color: #ff0000;\"><strong> cont\u00e1ctame<\/strong><\/span><\/a><\/span>.<\/p>\n<p style=\"text-align: justify;\">Gracias por su inter\u00e9s, nos encontramos en un pr\u00f3ximo post.<\/p>\n<figure style=\"width: 103px\" class=\"wp-caption alignleft\"><a href=\"https:\/\/pinpao.co\/blog\/productos\/sistemas\/\" target=\"_blank\"><img loading=\"lazy\" decoding=\"async\" title=\"onepermeal\" src=\"https:\/\/pinpao.co\/blog\/images\/2014\/onepermeal.jpg\" alt=\"onepermeal\" width=\"103\" height=\"270\" \/><\/a><figcaption class=\"wp-caption-text\">ingredientes principales como el glutation, vitaminas A, C, E, vitaminas del complejo B, molibdeno protege las celulas del da\u00f1o causado por contaminacion.<\/figcaption><\/figure>\n<h6 style=\"text-align: justify;\"><\/h6>\n<h6 style=\"text-align: justify;\"><\/h6>\n<h6 style=\"text-align: justify;\"><\/h6>\n<p>&nbsp;<\/p>\n<p>&nbsp;<br \/>\n&nbsp;<br \/>\n&nbsp;<\/p>\n<p>&nbsp;<\/p>\n<h6 style=\"text-align: justify;\">Bibliograf\u00eda<\/h6>\n<h6 style=\"text-align: justify;\">1\u00a0\u00a0\u00a0\u00a0\u00a0\u00a0\u00a0\u00a0 Harrison 18\u00aa edici\u00f3n principios de la medicina interna volumen 2<\/h6>\n<h6 style=\"text-align: justify;\"><\/h6>\n<p>&nbsp;<\/p>\n<p>&nbsp;<br \/>\n&nbsp;<br \/>\n&nbsp;<\/p>\n<p>&nbsp;<\/p>\n<p>&nbsp;<\/p>\n<p>&nbsp;<\/p>\n<p style=\"text-align: justify;\"><strong>Pedro Pinz\u00f3n<\/strong><\/p>\n<p style=\"text-align: justify;\"><span style=\"color: #ff0000;\"><a title=\"negocios y salud\" href=\"http:\/\/www.pinpao.co\" target=\"_blank\"><span style=\"color: #ff0000;\"><strong>Director de pinpao.co &#8211;<\/strong><\/span><\/a><\/span><\/p>\n<p>\u00a0<img loading=\"lazy\" decoding=\"async\" class=\"alignnone\" src=\"https:\/\/pinpao.co\/blog\/images\/2014\/comparte-entrada1.jpg\" alt=\"\" width=\"380\" height=\"45\" \/><br \/>\n<script src=\"http:\/\/forms.aweber.com\/form\/71\/1630641571.js\"><\/script><\/p>\n","protected":false},"excerpt":{"rendered":"<p>El asma se caracteriza por obstruir las v\u00edas respiratorias. En personas con asma las v\u00edas respiratorias se inflaman lo que hace,\u00a0 m\u00e1s sensible que se desencadena la reducci\u00f3n de la luz y la reducci\u00f3n de corriente de aire con lo cual aparece\u00a0\u00a0\u00a0 los\u00a0 silbidos y\u00a0 disneas.\u00a0 La gran preocupaci\u00f3n son los altos costos en atenci\u00f3n [&hellip;]<\/p>\n","protected":false},"author":1,"featured_media":0,"comment_status":"open","ping_status":"open","sticky":false,"template":"","format":"standard","meta":{"footnotes":""},"categories":[12],"tags":[357,356,355,358],"class_list":["post-4241","post","type-post","status-publish","format-standard","hentry","category-enfermedades","tag-causas-y-factores-de-riesgo-del-asma","tag-desencadenantes-del-asma-factores-de-riesgo","tag-factores-de-riesgo-en-asma","tag-peligros-del-asma-y-factores-de-riesgo"],"_links":{"self":[{"href":"https:\/\/pinpao.co\/blog\/wp-json\/wp\/v2\/posts\/4241","targetHints":{"allow":["GET"]}}],"collection":[{"href":"https:\/\/pinpao.co\/blog\/wp-json\/wp\/v2\/posts"}],"about":[{"href":"https:\/\/pinpao.co\/blog\/wp-json\/wp\/v2\/types\/post"}],"author":[{"embeddable":true,"href":"https:\/\/pinpao.co\/blog\/wp-json\/wp\/v2\/users\/1"}],"replies":[{"embeddable":true,"href":"https:\/\/pinpao.co\/blog\/wp-json\/wp\/v2\/comments?post=4241"}],"version-history":[{"count":8,"href":"https:\/\/pinpao.co\/blog\/wp-json\/wp\/v2\/posts\/4241\/revisions"}],"predecessor-version":[{"id":4249,"href":"https:\/\/pinpao.co\/blog\/wp-json\/wp\/v2\/posts\/4241\/revisions\/4249"}],"wp:attachment":[{"href":"https:\/\/pinpao.co\/blog\/wp-json\/wp\/v2\/media?parent=4241"}],"wp:term":[{"taxonomy":"category","embeddable":true,"href":"https:\/\/pinpao.co\/blog\/wp-json\/wp\/v2\/categories?post=4241"},{"taxonomy":"post_tag","embeddable":true,"href":"https:\/\/pinpao.co\/blog\/wp-json\/wp\/v2\/tags?post=4241"}],"curies":[{"name":"wp","href":"https:\/\/api.w.org\/{rel}","templated":true}]}}